{"id":1873,"date":"2021-12-14T04:54:00","date_gmt":"2021-12-14T03:54:00","guid":{"rendered":"http:\/\/www.batteriewelt.com\/akkublog\/?p=1873"},"modified":"2021-12-14T04:54:00","modified_gmt":"2021-12-14T03:54:00","slug":"meta-jahresruckblick-2021-die-top-themen-auf-facebook-und-instagram","status":"publish","type":"post","link":"http:\/\/www.batteriewelt.com\/akkublog\/?p=1873","title":{"rendered":"Meta-Jahresr\u00fcckblick 2021: Die Top-Themen auf Facebook und Instagram"},"content":{"rendered":"\n<p class=\"wp-block-paragraph\">Was waren die gr\u00f6\u00dften Themen f\u00fcr Facebook- und Instagram-User 2021? Mutterkonzern Meta verr\u00e4t es in seinem Jahresr\u00fcckblick.<\/p>\n\n\n\n<p class=\"wp-block-paragraph\">Die Bundestagswahl, die Fu\u00dfball-Europameisterschaft und die nicht enden wollende Corona-Pandemie: Auch auf Instagram und Facebook waren das die Top-Themen des Jahres 2021. Das hat der Mutterkonzern Meta in seinem Jahresr\u00fcckblick bekanntgegeben.<\/p>\n\n\n\n<p class=\"wp-block-paragraph\">Die wichtigsten Themen<br>\nDas Nummer-eins-Thema 2021 war f\u00fcr Facebook- und Instagram-User die &#8220;Bundestagswahl&#8221;. Dazu kamen sechs Landtagswahlen und zwei Kommunalwahlen, die dem politischen Geschehen Platz eins in Metas sozialen Medien bescheren. Auf Platz zwei folgt der &#8220;DFB-Pokal&#8221;, der vor allem durch die 0:5-Rekordniederlage des FC Bayern gegen Borussia M\u00f6nchengladbach einen Schub bekommen hat. Auf Platz drei hat es der Hauptstadt-Flughafen geschafft: &#8220;Flughafen BER&#8221; ist seit seiner \u00d6ffnung unter den Top-Themen. &#8220;Fu\u00dfball-Europameisterschaft&#8221;, &#8220;Impfen&#8221;, &#8220;Jahrhunderthochwasser&#8221;, &#8220;LGBTIQ+&#8221;, &#8220;Umweltschutz&#8221;, &#8220;Wahlrecht&#8221; und &#8220;Wincent Weiss&#8221; komplettieren die Liste.<\/p>\n\n\n\n<p class=\"wp-block-paragraph\">Die wichtigsten Hashtags<br>\nBei den Hashtags spiegeln sich die st\u00e4rksten Themen nur bedingt wider. Stattdessen landet in Deutschland #love auf Platz eins, gefolgt von #photography und #instagood. #nature, #art, #autumn, #photooftheday, #herbst, #germany und #picoftheday komplettieren die Top Ten.<\/p>\n\n\n\n<p class=\"wp-block-paragraph\">Die Top-Songs<br>\nDer am 2021 am h\u00e4ufigsten erw\u00e4hnte Song auf Facebook und Instagram war &#8220;B.I.B.O.&#8221; des Rappers Dardan (24). &#8220;Au volant&#8221; vom belgischen Duo Elsa &amp; Emilie landet auf Platz zwei, &#8220;Poison&#8221; von Rita Ora (21) auf Platz drei. Auf den weiteren Pl\u00e4tzen folgen Amaarae mit &#8220;Sad Girlz Luv Money&#8221;, &#8220;love nwantiti (feat. Dj Yo! &amp; AX&#8217;EL)&#8221; von CKay, &#8220;Babel&#8221; von Gustavo Bravetti, &#8220;2 Gesichter&#8221; von Rosc, &#8220;Lovely&#8221; von Bleedingxheart, &#8220;Not Around in Codeine&#8221; von skrr liam und &#8220;paris freestyle&#8221; von Pashanim.<\/p>\n","protected":false},"excerpt":{"rendered":"<p>Was waren die gr\u00f6\u00dften Themen f\u00fcr Facebook- und Instagram-User 2021? Mutterkonzern Meta verr\u00e4t es in seinem Jahresr\u00fcckblick. Die Bundestagswahl, die Fu\u00dfball-Europameisterschaft und die nicht enden wollende Corona-Pandemie: Auch auf Instagram und Facebook waren das die Top-Themen des Jahres 2021. Das hat der Mutterkonzern Meta in seinem Jahresr\u00fcckblick bekanntgegeben. Die wichtigsten Themen Das Nummer-eins-Thema 2021 war [&hellip;]<\/p>\n","protected":false},"author":1,"featured_media":0,"comment_status":"open","ping_status":"open","sticky":false,"template":"","format":"standard","meta":{"footnotes":""},"categories":[1],"tags":[],"class_list":["post-1873","post","type-post","status-publish","format-standard","hentry","category-uncategorized"],"_links":{"self":[{"href":"http:\/\/www.batteriewelt.com\/akkublog\/index.php?rest_route=\/wp\/v2\/posts\/1873","targetHints":{"allow":["GET"]}}],"collection":[{"href":"http:\/\/www.batteriewelt.com\/akkublog\/index.php?rest_route=\/wp\/v2\/posts"}],"about":[{"href":"http:\/\/www.batteriewelt.com\/akkublog\/index.php?rest_route=\/wp\/v2\/types\/post"}],"author":[{"embeddable":true,"href":"http:\/\/www.batteriewelt.com\/akkublog\/index.php?rest_route=\/wp\/v2\/users\/1"}],"replies":[{"embeddable":true,"href":"http:\/\/www.batteriewelt.com\/akkublog\/index.php?rest_route=%2Fwp%2Fv2%2Fcomments&post=1873"}],"version-history":[{"count":1,"href":"http:\/\/www.batteriewelt.com\/akkublog\/index.php?rest_route=\/wp\/v2\/posts\/1873\/revisions"}],"predecessor-version":[{"id":1874,"href":"http:\/\/www.batteriewelt.com\/akkublog\/index.php?rest_route=\/wp\/v2\/posts\/1873\/revisions\/1874"}],"wp:attachment":[{"href":"http:\/\/www.batteriewelt.com\/akkublog\/index.php?rest_route=%2Fwp%2Fv2%2Fmedia&parent=1873"}],"wp:term":[{"taxonomy":"category","embeddable":true,"href":"http:\/\/www.batteriewelt.com\/akkublog\/index.php?rest_route=%2Fwp%2Fv2%2Fcategories&post=1873"},{"taxonomy":"post_tag","embeddable":true,"href":"http:\/\/www.batteriewelt.com\/akkublog\/index.php?rest_route=%2Fwp%2Fv2%2Ftags&post=1873"}],"curies":[{"name":"wp","href":"https:\/\/api.w.org\/{rel}","templated":true}]}}