{"id":1857,"date":"2021-12-04T04:22:23","date_gmt":"2021-12-04T03:22:23","guid":{"rendered":"http:\/\/www.batteriewelt.com\/akkublog\/?p=1857"},"modified":"2021-12-04T04:22:23","modified_gmt":"2021-12-04T03:22:23","slug":"zeit-furs-gehen-prinz-william-bittet-in-neuer-folge-zum-spaziergang","status":"publish","type":"post","link":"https:\/\/www.batteriewelt.com\/akkublog\/?p=1857","title":{"rendered":"&#8220;Zeit f\u00fcrs Gehen&#8221;: Prinz William bittet in neuer Folge zum Spaziergang"},"content":{"rendered":"\n<p class=\"wp-block-paragraph\">Den grauen Alltag kurz vergessen und sich mit Prinz William die F\u00fc\u00dfe vertreten? Die neue Folge &#8220;Zeit f\u00fcrs Gehen&#8221; wird es m\u00f6glich machen.<\/p>\n\n\n\n<p class=\"wp-block-paragraph\">Wer f\u00fcr seine Apple Watch den Dienst Fitness+ abonniert hat, wird ab dem 6. Dezember gemeinsam mit dem britischen Thronfolger Prinz William (39) spazieren gehen k\u00f6nnen. Der Royal ist der Stargast der abschlie\u00dfenden Folge der zweiten Staffel der Audio-Serie. Es handelt sich dabei um eine Sonderfolge zur Weihnachtszeit, gab Apple per Pressemitteilung bekannt.<\/p>\n\n\n\n<p class=\"wp-block-paragraph\">Die Folge mit Prinz William wird 37 Minuten dauern, etwas mehr als die H\u00e4lfte davon wird der Royal unter anderem dar\u00fcber sprechen, wie wichtig es ist, geistig fit zu bleiben. Die restliche Zeit der Episode, die als Sondersendung auch auf Apple Music 1 gesendet wird, ist mit Musik gef\u00fcllt, die William am Herzen liegt.<\/p>\n\n\n\n<p class=\"wp-block-paragraph\">Ein kurzer Promi-Plausch<br>\n&#8220;Zeit f\u00fcrs Gehen&#8221; (Original: &#8220;Time To Walk&#8221;) soll die H\u00f6rerinnen und H\u00f6rer dazu motivieren, sich mehr zu bewegen. In den einzelnen Episoden tun es ihnen Ber\u00fchmtheiten des \u00f6ffentlichen Lebens gleich. Jede Folge wurde aufgezeichnet, w\u00e4hrend der Star gerade spazieren ging oder einen Ort besuchte, der ihm besonders am Herzen liegt. Vor Prinz William waren das etwa schon S\u00e4ngerin Dolly Parton (75), Model Naomi Campbell (51), Autor Stephen Fry (64) oder Schauspielerin Jane Fonda (83), um nur einige zu nennen.<\/p>\n","protected":false},"excerpt":{"rendered":"<p>Den grauen Alltag kurz vergessen und sich mit Prinz William die F\u00fc\u00dfe vertreten? Die neue Folge &#8220;Zeit f\u00fcrs Gehen&#8221; wird es m\u00f6glich machen. Wer f\u00fcr seine Apple Watch den Dienst Fitness+ abonniert hat, wird ab dem 6. Dezember gemeinsam mit dem britischen Thronfolger Prinz William (39) spazieren gehen k\u00f6nnen. Der Royal ist der Stargast der [&hellip;]<\/p>\n","protected":false},"author":1,"featured_media":0,"comment_status":"open","ping_status":"open","sticky":false,"template":"","format":"standard","meta":{"footnotes":""},"categories":[1],"tags":[],"class_list":["post-1857","post","type-post","status-publish","format-standard","hentry","category-uncategorized"],"_links":{"self":[{"href":"https:\/\/www.batteriewelt.com\/akkublog\/index.php?rest_route=\/wp\/v2\/posts\/1857","targetHints":{"allow":["GET"]}}],"collection":[{"href":"https:\/\/www.batteriewelt.com\/akkublog\/index.php?rest_route=\/wp\/v2\/posts"}],"about":[{"href":"https:\/\/www.batteriewelt.com\/akkublog\/index.php?rest_route=\/wp\/v2\/types\/post"}],"author":[{"embeddable":true,"href":"https:\/\/www.batteriewelt.com\/akkublog\/index.php?rest_route=\/wp\/v2\/users\/1"}],"replies":[{"embeddable":true,"href":"https:\/\/www.batteriewelt.com\/akkublog\/index.php?rest_route=%2Fwp%2Fv2%2Fcomments&post=1857"}],"version-history":[{"count":1,"href":"https:\/\/www.batteriewelt.com\/akkublog\/index.php?rest_route=\/wp\/v2\/posts\/1857\/revisions"}],"predecessor-version":[{"id":1858,"href":"https:\/\/www.batteriewelt.com\/akkublog\/index.php?rest_route=\/wp\/v2\/posts\/1857\/revisions\/1858"}],"wp:attachment":[{"href":"https:\/\/www.batteriewelt.com\/akkublog\/index.php?rest_route=%2Fwp%2Fv2%2Fmedia&parent=1857"}],"wp:term":[{"taxonomy":"category","embeddable":true,"href":"https:\/\/www.batteriewelt.com\/akkublog\/index.php?rest_route=%2Fwp%2Fv2%2Fcategories&post=1857"},{"taxonomy":"post_tag","embeddable":true,"href":"https:\/\/www.batteriewelt.com\/akkublog\/index.php?rest_route=%2Fwp%2Fv2%2Ftags&post=1857"}],"curies":[{"name":"wp","href":"https:\/\/api.w.org\/{rel}","templated":true}]}}