{"id":1725,"date":"2021-09-10T03:01:58","date_gmt":"2021-09-10T02:01:58","guid":{"rendered":"http:\/\/www.batteriewelt.com\/akkublog\/?p=1725"},"modified":"2021-09-10T03:01:58","modified_gmt":"2021-09-10T02:01:58","slug":"facebook-bringt-smarte-brille-mit-ray-ban-auf-den-markt","status":"publish","type":"post","link":"http:\/\/www.batteriewelt.com\/akkublog\/?p=1725","title":{"rendered":"Facebook bringt smarte Brille mit Ray-Ban auf den Markt"},"content":{"rendered":"\n<p class=\"wp-block-paragraph\">Fotos und Videos aufnehmen, Anrufe entgegennehmen oder Podcasts h\u00f6ren: Facebook hat sich mit Ray-Ban-Eigent\u00fcmer Luxottica verb\u00fcndet.<\/p>\n\n\n\n<p class=\"wp-block-paragraph\">Menlo Park (dpa) &#8211; Facebook hat am Donnerstag eine smarte Brille vorgestellt, mit der man Fotos und Videos aufnehmen kann.<\/p>\n\n\n\n<p class=\"wp-block-paragraph\">Mit der &#8220;Ray-Ban Stories&#8221; k\u00f6nne man auch Anrufe entgegennehmen oder Podcasts h\u00f6ren, da in den Brillenb\u00fcgeln zwei Lautsprecher eingebaut seien, k\u00fcndigte Facebook-Gr\u00fcnder Mark Zuckerberg an. Anders als die gescheiterten Google Glasses verf\u00fcgt die Ray-Ban-Brille von Facebook nicht \u00fcber einen Monitor.<\/p>\n\n\n\n<p class=\"wp-block-paragraph\">Die Facebook-Brille wird vorerst nur in Australien, den USA, Kanada, Irland, Italien und Gro\u00dfbritannien angeboten. Projektpartner bei den Ray-Ban Stories ist die italienische Luxottica-Gruppe, zu der Ray-Ban seit 1999 geh\u00f6rt.<\/p>\n\n\n\n<p class=\"wp-block-paragraph\">In dem Brillen-Rahmen stecken zwei nach vorne gerichtete 5-Megapixel-Kameras f\u00fcr die Aufnahme von Videos und Fotos. Die Aufnahmen lassen sich mit der App Facebook View auf dem Smartphone synchronisieren und in sozialen Netzwerken teilen. Da die Bilder auch in der normalen Foto-App eines Smartphones gespeichert werden k\u00f6nnen, funktioniert das nicht nur mit den Diensten aus dem Facebook-Konzern, also Facebook selbst, Instagram und WhatsApp, sondern mit beliebigen Netzwerken wie Twitter oder Snapchat.<\/p>\n\n\n\n<p class=\"wp-block-paragraph\">Die Brille verf\u00fcgt \u00fcber eine physische Taste auf dem B\u00fcgel, um die Foto- oder Videoaufnahme auszul\u00f6sen. Sie kann aber auch mit einem Sprachbefehl (&#8220;Hey Facebook, nimm ein Video auf&#8221;) freih\u00e4ndig aktiviert werden. Zum Schutz der Privatsph\u00e4re leuchtet neben der Kamera eine kleine wei\u00dfe LED auf, wenn die Kamera ein Foto oder Video aufnimmt. &#8220;Das ist mehr, als jedes Smartphone macht&#8221;, sagte Zuckerberg.<\/p>\n\n\n\n<p class=\"wp-block-paragraph\">Mit ihrer Hauptfunktion, Fotos und Videos aufzunehmen, entspricht die Ray-Ban Stories der Snapchat-Brille Spectacles, die 2016 mit einem gro\u00dfen PR-Rummel auf den Markt gebracht wurde, aber dann kaum K\u00e4ufer fand. Die Lautsprecher an beiden B\u00fcgeln k\u00f6nnen den Ton von einem Smartphone \u00fcber Bluetooth wiedergeben.<\/p>\n","protected":false},"excerpt":{"rendered":"<p>Fotos und Videos aufnehmen, Anrufe entgegennehmen oder Podcasts h\u00f6ren: Facebook hat sich mit Ray-Ban-Eigent\u00fcmer Luxottica verb\u00fcndet. Menlo Park (dpa) &#8211; Facebook hat am Donnerstag eine smarte Brille vorgestellt, mit der man Fotos und Videos aufnehmen kann. Mit der &#8220;Ray-Ban Stories&#8221; k\u00f6nne man auch Anrufe entgegennehmen oder Podcasts h\u00f6ren, da in den Brillenb\u00fcgeln zwei Lautsprecher eingebaut [&hellip;]<\/p>\n","protected":false},"author":1,"featured_media":0,"comment_status":"open","ping_status":"open","sticky":false,"template":"","format":"standard","meta":{"footnotes":""},"categories":[1],"tags":[],"class_list":["post-1725","post","type-post","status-publish","format-standard","hentry","category-uncategorized"],"_links":{"self":[{"href":"http:\/\/www.batteriewelt.com\/akkublog\/index.php?rest_route=\/wp\/v2\/posts\/1725","targetHints":{"allow":["GET"]}}],"collection":[{"href":"http:\/\/www.batteriewelt.com\/akkublog\/index.php?rest_route=\/wp\/v2\/posts"}],"about":[{"href":"http:\/\/www.batteriewelt.com\/akkublog\/index.php?rest_route=\/wp\/v2\/types\/post"}],"author":[{"embeddable":true,"href":"http:\/\/www.batteriewelt.com\/akkublog\/index.php?rest_route=\/wp\/v2\/users\/1"}],"replies":[{"embeddable":true,"href":"http:\/\/www.batteriewelt.com\/akkublog\/index.php?rest_route=%2Fwp%2Fv2%2Fcomments&post=1725"}],"version-history":[{"count":1,"href":"http:\/\/www.batteriewelt.com\/akkublog\/index.php?rest_route=\/wp\/v2\/posts\/1725\/revisions"}],"predecessor-version":[{"id":1726,"href":"http:\/\/www.batteriewelt.com\/akkublog\/index.php?rest_route=\/wp\/v2\/posts\/1725\/revisions\/1726"}],"wp:attachment":[{"href":"http:\/\/www.batteriewelt.com\/akkublog\/index.php?rest_route=%2Fwp%2Fv2%2Fmedia&parent=1725"}],"wp:term":[{"taxonomy":"category","embeddable":true,"href":"http:\/\/www.batteriewelt.com\/akkublog\/index.php?rest_route=%2Fwp%2Fv2%2Fcategories&post=1725"},{"taxonomy":"post_tag","embeddable":true,"href":"http:\/\/www.batteriewelt.com\/akkublog\/index.php?rest_route=%2Fwp%2Fv2%2Ftags&post=1725"}],"curies":[{"name":"wp","href":"https:\/\/api.w.org\/{rel}","templated":true}]}}