{"id":1686,"date":"2021-08-18T03:10:43","date_gmt":"2021-08-18T02:10:43","guid":{"rendered":"http:\/\/www.batteriewelt.com\/akkublog\/?p=1686"},"modified":"2021-08-18T03:10:43","modified_gmt":"2021-08-18T02:10:43","slug":"whatsapp-zu-nutzung-durch-taliban-befolgen-us-sanktionen","status":"publish","type":"post","link":"http:\/\/www.batteriewelt.com\/akkublog\/?p=1686","title":{"rendered":"WhatsApp zu Nutzung durch Taliban: Befolgen US-Sanktionen"},"content":{"rendered":"\n<p class=\"wp-block-paragraph\">Die Taliban greifen bei ihrer blutigen Macht\u00fcbernahme in Afghanistan offenbar auch auf den Messengerdienst WhatsApp zur\u00fcck. Der muss eine solche Nutzung laut US-Recht aber eigentlich unterbinden.<\/p>\n\n\n\n<p class=\"wp-block-paragraph\">Menlo Park (dpa) &#8211; Die militant-islamistischen Taliban nutzen laut Medienberichten Facebooks Chatdienst WhatsApp, der sie als amerikanisches Unternehmen sperren muss. So schrieb die &#8220;Washington Post&#8221;, die Taliban h\u00e4tten Einwohnern von Kabul \u00fcber WhatsApp-Gruppen mitgeteilt, dass die die Kontrolle \u00fcber die Stadt \u00fcbern\u00e4hmen.<\/p>\n\n\n\n<p class=\"wp-block-paragraph\">Eine WhatsApp-Sprecherin sagte am Dienstag, der Chatdienst m\u00fcsse US-Sanktionen befolgen &#8211; und dazu geh\u00f6re, Profile zu entfernen, &#8220;die sich als offizielle Accounts der Taliban zu erkennen geben&#8221;. Zugleich ersuche man weitere Informationen von US-Beh\u00f6rden &#8220;angesichts der sich ver\u00e4ndernden Situation in Afghanistan&#8221;.<\/p>\n\n\n\n<p class=\"wp-block-paragraph\">Die Chats bei WhatsApp sind mit Ende-zu-Ende-Verschl\u00fcsselung gesch\u00fctzt. Das bedeutet, dass grunds\u00e4tzlich nur die beteiligten Nutzer, aber nicht die Plattform selbst Zugang zu Inhalten der Unterhaltungen im Klartext haben. WhatsApp analysiert deshalb f\u00fcr den Dienst verf\u00fcgbare Informationen wie Namen, Fotos oder Profilbeschreibungen, um problematische Gruppen zu identifizieren.<\/p>\n\n\n\n<p class=\"wp-block-paragraph\">Insgesamt suche Facebook proaktiv nach Taliban-freundlichen Inhalten und entferne sie von der Plattform, betonte Instagram-Chef Adam Mosseri im Sender Bloomberg TV. Zugleich schr\u00e4nkte er ein, die Situation entwickele sich rapide. &#8220;Wir werden anpassen m\u00fcssen, was wir machen und wie wir das machen, um auf sich ver\u00e4ndernde Risiken zu reagieren.&#8221;<\/p>\n","protected":false},"excerpt":{"rendered":"<p>Die Taliban greifen bei ihrer blutigen Macht\u00fcbernahme in Afghanistan offenbar auch auf den Messengerdienst WhatsApp zur\u00fcck. Der muss eine solche Nutzung laut US-Recht aber eigentlich unterbinden. Menlo Park (dpa) &#8211; Die militant-islamistischen Taliban nutzen laut Medienberichten Facebooks Chatdienst WhatsApp, der sie als amerikanisches Unternehmen sperren muss. So schrieb die &#8220;Washington Post&#8221;, die Taliban h\u00e4tten Einwohnern [&hellip;]<\/p>\n","protected":false},"author":1,"featured_media":0,"comment_status":"open","ping_status":"open","sticky":false,"template":"","format":"standard","meta":{"footnotes":""},"categories":[1],"tags":[],"class_list":["post-1686","post","type-post","status-publish","format-standard","hentry","category-uncategorized"],"_links":{"self":[{"href":"http:\/\/www.batteriewelt.com\/akkublog\/index.php?rest_route=\/wp\/v2\/posts\/1686","targetHints":{"allow":["GET"]}}],"collection":[{"href":"http:\/\/www.batteriewelt.com\/akkublog\/index.php?rest_route=\/wp\/v2\/posts"}],"about":[{"href":"http:\/\/www.batteriewelt.com\/akkublog\/index.php?rest_route=\/wp\/v2\/types\/post"}],"author":[{"embeddable":true,"href":"http:\/\/www.batteriewelt.com\/akkublog\/index.php?rest_route=\/wp\/v2\/users\/1"}],"replies":[{"embeddable":true,"href":"http:\/\/www.batteriewelt.com\/akkublog\/index.php?rest_route=%2Fwp%2Fv2%2Fcomments&post=1686"}],"version-history":[{"count":1,"href":"http:\/\/www.batteriewelt.com\/akkublog\/index.php?rest_route=\/wp\/v2\/posts\/1686\/revisions"}],"predecessor-version":[{"id":1687,"href":"http:\/\/www.batteriewelt.com\/akkublog\/index.php?rest_route=\/wp\/v2\/posts\/1686\/revisions\/1687"}],"wp:attachment":[{"href":"http:\/\/www.batteriewelt.com\/akkublog\/index.php?rest_route=%2Fwp%2Fv2%2Fmedia&parent=1686"}],"wp:term":[{"taxonomy":"category","embeddable":true,"href":"http:\/\/www.batteriewelt.com\/akkublog\/index.php?rest_route=%2Fwp%2Fv2%2Fcategories&post=1686"},{"taxonomy":"post_tag","embeddable":true,"href":"http:\/\/www.batteriewelt.com\/akkublog\/index.php?rest_route=%2Fwp%2Fv2%2Ftags&post=1686"}],"curies":[{"name":"wp","href":"https:\/\/api.w.org\/{rel}","templated":true}]}}