{"id":1664,"date":"2021-08-03T07:03:18","date_gmt":"2021-08-03T06:03:18","guid":{"rendered":"http:\/\/www.batteriewelt.com\/akkublog\/?p=1664"},"modified":"2021-08-03T07:03:18","modified_gmt":"2021-08-03T06:03:18","slug":"wettbewerbshuter-bedenken-gegen-facebook-ubernahmeplane","status":"publish","type":"post","link":"http:\/\/www.batteriewelt.com\/akkublog\/?p=1664","title":{"rendered":"Wettbewerbsh\u00fcter: Bedenken gegen Facebook-\u00dcbernahmepl\u00e4ne"},"content":{"rendered":"\n<p class=\"wp-block-paragraph\">Facebook hatte im November angek\u00fcndigt, das Start-up Kustomer kaufen zu wollen. Die Wettbewerbsh\u00fcter der EU stehen dem Vorhaben kritisch gegen\u00fcber &#8211; sie bef\u00fcrchten mehrere Risiken.<\/p>\n\n\n\n<p class=\"wp-block-paragraph\">Br\u00fcssel (dpa) &#8211; Die Wettbewerbsh\u00fcter der EU haben Bedenken gegen den von Facebook geplanten Kauf des Start-ups Kustomer angemeldet.<\/p>\n\n\n\n<p class=\"wp-block-paragraph\">Konkret wird nach Angaben der EU-Kommission bef\u00fcrchtet, dass die \u00dcbernahme den Wettbewerb auf dem Markt f\u00fcr Software f\u00fcr Kundenbeziehungsmanagement (Customer Relationship Management &#8211; CRM) einschr\u00e4nken k\u00f6nnte. Zudem sehen die Pr\u00fcfer das Risiko, dass die Position von Facebook auf dem Markt f\u00fcr Online-Werbeanzeigen noch weiter gest\u00e4rkt werden k\u00f6nnte, weil dem Unternehmen noch mehr Daten zur Personalisierung seiner Werbeanzeigen zur Verf\u00fcgung stehen w\u00fcrden.<\/p>\n\n\n\n<p class=\"wp-block-paragraph\">Den Angaben zufolge werden die Wettbewerbsh\u00fcter die geplante \u00dcbernahme nun einer eingehenden Pr\u00fcfung auf Grundlage der EU-Fusionskontrollverordnung unterziehen. Sollten sie dabei zum Ergebnis kommen, dass der Zusammenschluss den Wettbewerb erheblich behindern w\u00fcrden, k\u00f6nnten sie ihn untersagen. Eine Entscheidung soll es bis zum 22. Dezember geben.<\/p>\n\n\n\n<p class=\"wp-block-paragraph\">&#8220;Mit unserer Untersuchung wollen wir sicherstellen, dass das Vorhaben nicht zu Nachteilen f\u00fcr Unternehmen und Verbraucher f\u00fchrt und dass die Daten, zu denen Facebook Zugang erh\u00e4lt, keine Wettbewerbsverzerrungen verursachen&#8221;, kommentierte die zust\u00e4ndige Vizepr\u00e4sidentin der Kommission, Margrethe Vestager. Gerade im digitalen Sektor sei es wichtig, potenziell problematische \u00dcbernahmen durch Unternehmen mit einer marktbeherrschenden Stellung genau unter die Lupe zu nehmen.<\/p>\n\n\n\n<p class=\"wp-block-paragraph\">Das Online-Netzwerk Facebook hatte im vergangenen November angek\u00fcndigt, sich mit dem Kauf von Kustomer bei Angeboten f\u00fcr den Kundendienst verst\u00e4rken zu wollen. Details zum Preis oder zu sonstigen finanziellen Konditionen wurden damals nicht genannt. Nach fr\u00fcheren Informationen des &#8220;Wall Street Journal&#8221; wird Kustomer bei dem Deal mit etwas mehr als einer Milliarde Dollar (842 Mio Euro) bewertet. Die 2015 gegr\u00fcndete Firma stellt Plattformen f\u00fcr Kundenservice und sogenannte Chatbots bereit, die Kundenanfragen automatisiert beantworten sollen.<\/p>\n\n\n\n<p class=\"wp-block-paragraph\">Kustomer bietet diesen Service bereits \u00fcber Facebooks eigenen Mitteilungsdienst an und dehnte ihn zuletzt auch auf Facebooks Foto-Tochter Instagram aus. Mehr und mehr versuchen H\u00e4ndler, f\u00fcr den Vertrieb ihrer Produkte auch Online-Plattformen wie Instagram und Facebook zu nutzen, auf denen Empfehlungen von Freunden oder Stars eine Rolle spielen k\u00f6nnen.<\/p>\n","protected":false},"excerpt":{"rendered":"<p>Facebook hatte im November angek\u00fcndigt, das Start-up Kustomer kaufen zu wollen. Die Wettbewerbsh\u00fcter der EU stehen dem Vorhaben kritisch gegen\u00fcber &#8211; sie bef\u00fcrchten mehrere Risiken. Br\u00fcssel (dpa) &#8211; Die Wettbewerbsh\u00fcter der EU haben Bedenken gegen den von Facebook geplanten Kauf des Start-ups Kustomer angemeldet. Konkret wird nach Angaben der EU-Kommission bef\u00fcrchtet, dass die \u00dcbernahme den [&hellip;]<\/p>\n","protected":false},"author":1,"featured_media":0,"comment_status":"open","ping_status":"open","sticky":false,"template":"","format":"standard","meta":{"footnotes":""},"categories":[1],"tags":[],"class_list":["post-1664","post","type-post","status-publish","format-standard","hentry","category-uncategorized"],"_links":{"self":[{"href":"http:\/\/www.batteriewelt.com\/akkublog\/index.php?rest_route=\/wp\/v2\/posts\/1664","targetHints":{"allow":["GET"]}}],"collection":[{"href":"http:\/\/www.batteriewelt.com\/akkublog\/index.php?rest_route=\/wp\/v2\/posts"}],"about":[{"href":"http:\/\/www.batteriewelt.com\/akkublog\/index.php?rest_route=\/wp\/v2\/types\/post"}],"author":[{"embeddable":true,"href":"http:\/\/www.batteriewelt.com\/akkublog\/index.php?rest_route=\/wp\/v2\/users\/1"}],"replies":[{"embeddable":true,"href":"http:\/\/www.batteriewelt.com\/akkublog\/index.php?rest_route=%2Fwp%2Fv2%2Fcomments&post=1664"}],"version-history":[{"count":1,"href":"http:\/\/www.batteriewelt.com\/akkublog\/index.php?rest_route=\/wp\/v2\/posts\/1664\/revisions"}],"predecessor-version":[{"id":1665,"href":"http:\/\/www.batteriewelt.com\/akkublog\/index.php?rest_route=\/wp\/v2\/posts\/1664\/revisions\/1665"}],"wp:attachment":[{"href":"http:\/\/www.batteriewelt.com\/akkublog\/index.php?rest_route=%2Fwp%2Fv2%2Fmedia&parent=1664"}],"wp:term":[{"taxonomy":"category","embeddable":true,"href":"http:\/\/www.batteriewelt.com\/akkublog\/index.php?rest_route=%2Fwp%2Fv2%2Fcategories&post=1664"},{"taxonomy":"post_tag","embeddable":true,"href":"http:\/\/www.batteriewelt.com\/akkublog\/index.php?rest_route=%2Fwp%2Fv2%2Ftags&post=1664"}],"curies":[{"name":"wp","href":"https:\/\/api.w.org\/{rel}","templated":true}]}}