{"id":1660,"date":"2021-07-26T03:05:17","date_gmt":"2021-07-26T02:05:17","guid":{"rendered":"http:\/\/www.batteriewelt.com\/akkublog\/?p=1660"},"modified":"2021-07-26T03:05:17","modified_gmt":"2021-07-26T02:05:17","slug":"wahlleiter-hohe-gefahr-von-cyberangriffen-zu-bundestagswahl","status":"publish","type":"post","link":"http:\/\/www.batteriewelt.com\/akkublog\/?p=1660","title":{"rendered":"Wahlleiter: Hohe Gefahr von Cyberangriffen zu Bundestagswahl"},"content":{"rendered":"\n<p class=\"wp-block-paragraph\">In den Wochen vor der Bundestagswahl d\u00fcrften Cyberattacken und Falschinformationen im Netz erneut Hochkonjunktur haben. Die Beh\u00f6rden sind gewappnet.<\/p>\n\n\n\n<p class=\"wp-block-paragraph\">Berlin (dpa) &#8211; Bundeswahlleiter Georg Thiel h\u00e4lt die Gefahr von Cyberangriffen zur Bundestagswahl f\u00fcr &#8220;hoch&#8221;.<\/p>\n\n\n\n<p class=\"wp-block-paragraph\">&#8220;Unsere Fachleute gehen allein im Bereich IT von etlichen potenziellen Risiken aus. Die Spanne aller theoretisch denkbaren Vorf\u00e4lle ist entsprechend breit&#8221;, sagte er der &#8220;Welt am Sonntag&#8221;. &#8220;Zusammen mit Beh\u00f6rden wie dem Bundesamt f\u00fcr Sicherheit in der Informationstechnik, dem Verfassungsschutz und dem Bundeskriminalamt haben wir aufwendige Vorkehrungen getroffen.&#8221; Die Bundestagswahl ist am 26. September.<\/p>\n\n\n\n<p class=\"wp-block-paragraph\">Es sei auch denkbar, dass gezielt Falschmeldungen verbreitet w\u00fcrden &#8211; etwa, dass die Wahllokale angeblich schon um 15.00 Uhr schlie\u00dfen w\u00fcrden. &#8220;F\u00fcr solche F\u00e4lle haben wir mit wichtigen sozialen Medien und den \u00f6ffentlich-rechtlichen Rundfunkanstalten genaue Vorkehrungen getroffen und k\u00f6nnen schnell reagieren, um solche Meldungen richtigzustellen&#8221;, sagte Thiel, der auch Chef des Statistischen Bundesamts ist. Die Teams in seiner Beh\u00f6rde und im Bundesamt f\u00fcr Sicherheit in der Informationstechnik (BSI) seien im Vergleich zur Bundestagswahl 2017 personell verst\u00e4rkt worden.<\/p>\n","protected":false},"excerpt":{"rendered":"<p>In den Wochen vor der Bundestagswahl d\u00fcrften Cyberattacken und Falschinformationen im Netz erneut Hochkonjunktur haben. Die Beh\u00f6rden sind gewappnet. Berlin (dpa) &#8211; Bundeswahlleiter Georg Thiel h\u00e4lt die Gefahr von Cyberangriffen zur Bundestagswahl f\u00fcr &#8220;hoch&#8221;. &#8220;Unsere Fachleute gehen allein im Bereich IT von etlichen potenziellen Risiken aus. Die Spanne aller theoretisch denkbaren Vorf\u00e4lle ist entsprechend breit&#8221;, [&hellip;]<\/p>\n","protected":false},"author":1,"featured_media":0,"comment_status":"open","ping_status":"open","sticky":false,"template":"","format":"standard","meta":{"footnotes":""},"categories":[1],"tags":[],"class_list":["post-1660","post","type-post","status-publish","format-standard","hentry","category-uncategorized"],"_links":{"self":[{"href":"http:\/\/www.batteriewelt.com\/akkublog\/index.php?rest_route=\/wp\/v2\/posts\/1660","targetHints":{"allow":["GET"]}}],"collection":[{"href":"http:\/\/www.batteriewelt.com\/akkublog\/index.php?rest_route=\/wp\/v2\/posts"}],"about":[{"href":"http:\/\/www.batteriewelt.com\/akkublog\/index.php?rest_route=\/wp\/v2\/types\/post"}],"author":[{"embeddable":true,"href":"http:\/\/www.batteriewelt.com\/akkublog\/index.php?rest_route=\/wp\/v2\/users\/1"}],"replies":[{"embeddable":true,"href":"http:\/\/www.batteriewelt.com\/akkublog\/index.php?rest_route=%2Fwp%2Fv2%2Fcomments&post=1660"}],"version-history":[{"count":1,"href":"http:\/\/www.batteriewelt.com\/akkublog\/index.php?rest_route=\/wp\/v2\/posts\/1660\/revisions"}],"predecessor-version":[{"id":1661,"href":"http:\/\/www.batteriewelt.com\/akkublog\/index.php?rest_route=\/wp\/v2\/posts\/1660\/revisions\/1661"}],"wp:attachment":[{"href":"http:\/\/www.batteriewelt.com\/akkublog\/index.php?rest_route=%2Fwp%2Fv2%2Fmedia&parent=1660"}],"wp:term":[{"taxonomy":"category","embeddable":true,"href":"http:\/\/www.batteriewelt.com\/akkublog\/index.php?rest_route=%2Fwp%2Fv2%2Fcategories&post=1660"},{"taxonomy":"post_tag","embeddable":true,"href":"http:\/\/www.batteriewelt.com\/akkublog\/index.php?rest_route=%2Fwp%2Fv2%2Ftags&post=1660"}],"curies":[{"name":"wp","href":"https:\/\/api.w.org\/{rel}","templated":true}]}}