{"id":1655,"date":"2021-07-23T09:59:06","date_gmt":"2021-07-23T08:59:06","guid":{"rendered":"http:\/\/www.batteriewelt.com\/akkublog\/?p=1655"},"modified":"2021-07-23T09:59:06","modified_gmt":"2021-07-23T08:59:06","slug":"darf-facebook-wegen-hassrede-nutzerkonten-sperren","status":"publish","type":"post","link":"http:\/\/www.batteriewelt.com\/akkublog\/?p=1655","title":{"rendered":"Darf Facebook wegen Hassrede Nutzerkonten sperren?"},"content":{"rendered":"\n<p class=\"wp-block-paragraph\">Diskriminierende Inhalte und Falschnachrichten bek\u00e4mpft Facebook mit L\u00f6schungen und Sperren. Was erlaubt ist und was nicht, legt das Netzwerk selbst fest. Der BGH steht vor einem Urteil.<\/p>\n\n\n\n<p class=\"wp-block-paragraph\">Karlsruhe (dpa) &#8211; Facebook-Nutzerinnen und -Nutzer m\u00fcssen sich an die &#8220;Gemeinschaftsstandards&#8221; halten, sonst droht ihnen die Sperrung &#8211; aber darf das Netzwerk einfach selbst festlegen, welche Inhalte erw\u00fcnscht sind und welche nicht? F\u00fcr Deutschland entscheidet das bald der Bundesgerichtshof (BGH).<\/p>\n\n\n\n<p class=\"wp-block-paragraph\">Das Urteil soll in ein bis drei Wochen verk\u00fcndet werden, wie der Vorsitzende Richter Ulrich Herrmann heute nach der Verhandlung zweier F\u00e4lle in Karlsruhe sagte.<\/p>\n\n\n\n<p class=\"wp-block-paragraph\">Geklagt haben eine Nutzerin und ein Nutzer, die nach absch\u00e4tzigen \u00c4u\u00dferungen \u00fcber Muslime und Zugewanderte zeitweise gesperrt wurden. Was sie geschrieben hatten, wurde von Facebook gel\u00f6scht.<\/p>\n\n\n\n<p class=\"wp-block-paragraph\">Die Gemeinschaftsstandards sind Regeln, die das Netzwerk weltweit aufgestellt hat, um etwa diskriminierende oder anst\u00f6\u00dfige Inhalte zu verhindern. Niemand soll sich auf der Plattform ausgegrenzt oder bedroht f\u00fchlen, so die Philosophie. Nicht alle \u00c4u\u00dferungen, die gel\u00f6scht und geahndet werden, versto\u00dfen gegen deutsches Recht. Die Frage ist, ob Facebook damit zu weit geht und die grundgesetzlich gesch\u00fctzte Meinungsfreiheit seiner Nutzerinnen und Nutzer verletzt.<\/p>\n\n\n\n<p class=\"wp-block-paragraph\">Wer sich \u00fcber Facebook vernetzen will, muss den Nutzungsbedingungen mit den Gemeinschaftsstandards zustimmen. Der entscheidende Punkt sei, ob die Nutzer unangemessen benachteiligt w\u00fcrden, sagte Herrmann.<\/p>\n\n\n\n<p class=\"wp-block-paragraph\">Die BGH-Richter gehen davon aus, dass sich Facebook als privates Unternehmen ebenfalls auf Grundrechte berufen kann &#8211; etwa auf die Berufsfreiheit. Denn wenn der Umgangston auf der Plattform verroht, besteht die Gefahr, dass sich Nutzer und Werbepartner abwenden. Herrmann sagte, der Senat neige daher dazu, Facebook grunds\u00e4tzlich das Recht zuzugestehen, Beitr\u00e4ge zu l\u00f6schen. Das w\u00fcrde bedeuten, dass es im Einzelfall immer auf die konkreten Umst\u00e4nde ankommt.<\/p>\n\n\n\n<p class=\"wp-block-paragraph\">Keine vorherige Anh\u00f6rung der Betroffenen<\/p>\n\n\n\n<p class=\"wp-block-paragraph\">Sehr kritisch hinterfragten die obersten Zivilrichter, dass es zwar nachtr\u00e4glich die M\u00f6glichkeit zur Beschwerde gibt, aber keine vorherige Anh\u00f6rung der Betroffenen. Sie warfen die Frage auf, ob das nicht zumindest vor einer drohenden Sperre vorgesehen sein m\u00fcsste.<\/p>\n\n\n\n<p class=\"wp-block-paragraph\">&#8220;Das ist vollst\u00e4ndig unpraktikabel&#8221;, sagte der Vertreter von Facebook, BGH-Anwalt Christian Rohnke. Tag f\u00fcr Tag gebe es Hunderte F\u00e4lle, und jede neue Beleidigung ermutige Gleichgesinnte. Ein drohender Shitstorm m\u00fcsse ganz schnell gestoppt werden k\u00f6nnen.<\/p>\n\n\n\n<p class=\"wp-block-paragraph\">Der BGH-Anwalt der beiden Kl\u00e4ger, Herbert Geisler, sagte, es m\u00fcsse die Gelegenheit geben, sich zu verteidigen. Eine Verrohung wolle niemand, aber das obliege nicht Privaten aufgrund ihrer marktbeherrschenden Stellung. &#8220;Daf\u00fcr ist der Gesetzgeber da.&#8221;<\/p>\n\n\n\n<p class=\"wp-block-paragraph\">In Deutschland gibt es seit 2017 das Netzwerkdurchsetzungsgesetz, um Hasskriminalit\u00e4t und Falschnachrichten wirksamer zu bek\u00e4mpfen. Es verpflichtet die Betreiber sozialer Netzwerke, gegen strafbare Inhalte vorzugehen. Dazu geh\u00f6ren zum Beispiel Volksverhetzung und \u00fcble Nachrede. Ma\u00dfstab ist also das deutsche Strafgesetzbuch. Vor dem BGH geht es um Facebooks eigene Regeln (Az. III ZR 179\/20 u.a.).<\/p>\n","protected":false},"excerpt":{"rendered":"<p>Diskriminierende Inhalte und Falschnachrichten bek\u00e4mpft Facebook mit L\u00f6schungen und Sperren. Was erlaubt ist und was nicht, legt das Netzwerk selbst fest. Der BGH steht vor einem Urteil. Karlsruhe (dpa) &#8211; Facebook-Nutzerinnen und -Nutzer m\u00fcssen sich an die &#8220;Gemeinschaftsstandards&#8221; halten, sonst droht ihnen die Sperrung &#8211; aber darf das Netzwerk einfach selbst festlegen, welche Inhalte erw\u00fcnscht [&hellip;]<\/p>\n","protected":false},"author":1,"featured_media":0,"comment_status":"open","ping_status":"open","sticky":false,"template":"","format":"standard","meta":{"footnotes":""},"categories":[1],"tags":[],"class_list":["post-1655","post","type-post","status-publish","format-standard","hentry","category-uncategorized"],"_links":{"self":[{"href":"http:\/\/www.batteriewelt.com\/akkublog\/index.php?rest_route=\/wp\/v2\/posts\/1655","targetHints":{"allow":["GET"]}}],"collection":[{"href":"http:\/\/www.batteriewelt.com\/akkublog\/index.php?rest_route=\/wp\/v2\/posts"}],"about":[{"href":"http:\/\/www.batteriewelt.com\/akkublog\/index.php?rest_route=\/wp\/v2\/types\/post"}],"author":[{"embeddable":true,"href":"http:\/\/www.batteriewelt.com\/akkublog\/index.php?rest_route=\/wp\/v2\/users\/1"}],"replies":[{"embeddable":true,"href":"http:\/\/www.batteriewelt.com\/akkublog\/index.php?rest_route=%2Fwp%2Fv2%2Fcomments&post=1655"}],"version-history":[{"count":1,"href":"http:\/\/www.batteriewelt.com\/akkublog\/index.php?rest_route=\/wp\/v2\/posts\/1655\/revisions"}],"predecessor-version":[{"id":1656,"href":"http:\/\/www.batteriewelt.com\/akkublog\/index.php?rest_route=\/wp\/v2\/posts\/1655\/revisions\/1656"}],"wp:attachment":[{"href":"http:\/\/www.batteriewelt.com\/akkublog\/index.php?rest_route=%2Fwp%2Fv2%2Fmedia&parent=1655"}],"wp:term":[{"taxonomy":"category","embeddable":true,"href":"http:\/\/www.batteriewelt.com\/akkublog\/index.php?rest_route=%2Fwp%2Fv2%2Fcategories&post=1655"},{"taxonomy":"post_tag","embeddable":true,"href":"http:\/\/www.batteriewelt.com\/akkublog\/index.php?rest_route=%2Fwp%2Fv2%2Ftags&post=1655"}],"curies":[{"name":"wp","href":"https:\/\/api.w.org\/{rel}","templated":true}]}}