{"id":163,"date":"2019-11-26T09:59:46","date_gmt":"2019-11-26T08:59:46","guid":{"rendered":"http:\/\/www.batteriewelt.com\/akkublog\/?p=163"},"modified":"2019-11-26T09:59:46","modified_gmt":"2019-11-26T08:59:46","slug":"knackgerausche-beim-neuen-macbook-pro-16-zoll","status":"publish","type":"post","link":"http:\/\/www.batteriewelt.com\/akkublog\/?p=163","title":{"rendered":"Knackger\u00e4usche beim neuen Macbook Pro 16 Zoll"},"content":{"rendered":"\n<p class=\"wp-block-paragraph\">Apple-Nutzer&nbsp;berichten beim neuen Macbook Pro 16 Zoll von Audioproblemen, die sich bei einigen Anwendungen in Form von Knackger\u00e4uschen zeigen. In der Vergangenheit hat Apple solche Probleme per Softwareupdate behoben.<\/p>\n\n\n\n<p class=\"wp-block-paragraph\">Das neue&nbsp;Macbook Pro mit 16 Zoll gro\u00dfer Bilddiagonale&nbsp;soll St\u00f6rger\u00e4usche der integrierten Lautsprecher verursachen. Diese seien von der verwendeten Anwendung abh\u00e4ngig: In Safari bereite das Spulen von Videos Probleme, in Chrome nicht. Das berichten Nutzer des Notebooks beispielsweise im&nbsp;Forum von Macrumors. Dort wird auch beschrieben, dass die Knackger\u00e4usche in Apples Anwendungen wie Final Cut Pro X beim Spulen auftr\u00e4ten.<\/p>\n\n\n\n<p class=\"wp-block-paragraph\">Wer einen Kopfh\u00f6rer oder externe Lautsprecher anschlie\u00dft, hat den Beitr\u00e4gen in den Foren zufolge keine Probleme. Ob Apple das Problem mit einem Softwareupdate beheben kann, ist nicht bekannt. In der Vergangenheit konnte Apple&nbsp;\u00e4hnliche St\u00f6rger\u00e4usche&nbsp;bei seinen Notebooks beseitigen, ohne etwas an der Hardware zu ver\u00e4ndern.<\/p>\n\n\n\n<p class=\"wp-block-paragraph\">Apples neues Macbook Pro hat im Vergleich zu den Vorg\u00e4ngermodellen mit 16 Zoll eine etwas gr\u00f6\u00dfere Bildschirmdiagonale und ein neues Audiosystem. Die Tastatur ist nicht mehr mit dem fehleranf\u00e4lligen Schmetterlings-, sondern wieder mit einem Scherenmechanismus ausger\u00fcstet. Bei allen drei Vorg\u00e4ngermodellen geriet schnell Staub unter die Tasten, die einen sehr geringen Hub aufwiesen und so leicht blockierten. Beim neuen Macbook Pro ist wieder ein Hub von 1 mm vorhanden.<\/p>\n\n\n\n<p class=\"wp-block-paragraph\">Das&nbsp;Macbook Pro 16 Zoll&nbsp;kostet in Deutschland in der Basiskonfiguration mit 2,6-GHz-Core-Prozessor, 512 GByte Speicherplatz und AMD Radeon Pro 5300M 2.700 Euro &#8211; so viel wie das bisherige 15,4-Zoll-Modell.<\/p>\n","protected":false},"excerpt":{"rendered":"<p>Apple-Nutzer&nbsp;berichten beim neuen Macbook Pro 16 Zoll von Audioproblemen, die sich bei einigen Anwendungen in Form von Knackger\u00e4uschen zeigen. In der Vergangenheit hat Apple solche Probleme per Softwareupdate behoben. Das neue&nbsp;Macbook Pro mit 16 Zoll gro\u00dfer Bilddiagonale&nbsp;soll St\u00f6rger\u00e4usche der integrierten Lautsprecher verursachen. Diese seien von der verwendeten Anwendung abh\u00e4ngig: In Safari bereite das Spulen von [&hellip;]<\/p>\n","protected":false},"author":1,"featured_media":0,"comment_status":"open","ping_status":"open","sticky":false,"template":"","format":"standard","meta":{"footnotes":""},"categories":[17],"tags":[50],"class_list":["post-163","post","type-post","status-publish","format-standard","hentry","category-laptop-computer","tag-macbook-pro-16"],"_links":{"self":[{"href":"http:\/\/www.batteriewelt.com\/akkublog\/index.php?rest_route=\/wp\/v2\/posts\/163","targetHints":{"allow":["GET"]}}],"collection":[{"href":"http:\/\/www.batteriewelt.com\/akkublog\/index.php?rest_route=\/wp\/v2\/posts"}],"about":[{"href":"http:\/\/www.batteriewelt.com\/akkublog\/index.php?rest_route=\/wp\/v2\/types\/post"}],"author":[{"embeddable":true,"href":"http:\/\/www.batteriewelt.com\/akkublog\/index.php?rest_route=\/wp\/v2\/users\/1"}],"replies":[{"embeddable":true,"href":"http:\/\/www.batteriewelt.com\/akkublog\/index.php?rest_route=%2Fwp%2Fv2%2Fcomments&post=163"}],"version-history":[{"count":1,"href":"http:\/\/www.batteriewelt.com\/akkublog\/index.php?rest_route=\/wp\/v2\/posts\/163\/revisions"}],"predecessor-version":[{"id":164,"href":"http:\/\/www.batteriewelt.com\/akkublog\/index.php?rest_route=\/wp\/v2\/posts\/163\/revisions\/164"}],"wp:attachment":[{"href":"http:\/\/www.batteriewelt.com\/akkublog\/index.php?rest_route=%2Fwp%2Fv2%2Fmedia&parent=163"}],"wp:term":[{"taxonomy":"category","embeddable":true,"href":"http:\/\/www.batteriewelt.com\/akkublog\/index.php?rest_route=%2Fwp%2Fv2%2Fcategories&post=163"},{"taxonomy":"post_tag","embeddable":true,"href":"http:\/\/www.batteriewelt.com\/akkublog\/index.php?rest_route=%2Fwp%2Fv2%2Ftags&post=163"}],"curies":[{"name":"wp","href":"https:\/\/api.w.org\/{rel}","templated":true}]}}