{"id":1458,"date":"2021-05-11T04:51:25","date_gmt":"2021-05-11T03:51:25","guid":{"rendered":"http:\/\/www.batteriewelt.com\/akkublog\/?p=1458"},"modified":"2021-05-11T04:51:25","modified_gmt":"2021-05-11T03:51:25","slug":"cybercrime-nimmt-zu-angreifer-interesse-an-impfstoff","status":"publish","type":"post","link":"https:\/\/www.batteriewelt.com\/akkublog\/?p=1458","title":{"rendered":"Cybercrime nimmt zu: Angreifer-Interesse an Impfstoff"},"content":{"rendered":"\n<p class=\"wp-block-paragraph\">Impfportale und die Impstoff-Produktion geraten zunehmend ins Visier von Cyber-Kriminellen. Generell haben sich deren Attacken auf IT-Systeme in den vergangenen f\u00fcnf Jahren verdoppelt.<\/p>\n\n\n\n<p class=\"wp-block-paragraph\">Berlin (dpa) &#8211; Die Attacken von Kriminellen, die in IT-Systeme eindringen, haben im vergangenen Jahr deutlich zugenommen.<\/p>\n\n\n\n<p class=\"wp-block-paragraph\">Wie der Leiter der Abteilung Cybercrime im Bundeskriminalamt (BKA), Carsten Meywirth, berichtete, stieg die Zahl der Cybercrime-F\u00e4lle im vergangenen Jahr um rund 8 Prozent auf mehr als 108.000 an. Das waren mehr als doppelt so viele bekannt gewordene Straftaten auf diesem Gebiet wie im Jahr 2015.<\/p>\n\n\n\n<p class=\"wp-block-paragraph\">Unter Cybercrime im engeren Sinne versteht das BKA &#8220;Straftaten, die sich gegen das Internet, informationstechnische Systeme oder deren Daten richten&#8221;. Dazu z\u00e4hlen beispielsweise Attacken, die zu einer bewusst herbeigef\u00fchrten \u00dcberlastung des Netzes einer Institution oder eines Unternehmens f\u00fchren. Die gr\u00f6\u00dfte Bedrohung f\u00fcr deutsche Unternehmen und \u00f6ffentliche Einrichtungen sind nach Einsch\u00e4tzung der Polizei sogenannte Ransomware-Angriffe, bei denen mit einer Schadsoftware Datenbest\u00e4nde verschl\u00fcsselt werden. Bundesinnenminister Horst Seehofer (CSU) hatte vergangene Woche in einem Interview mit der Deutschen Presse-Agentur festgestellt, dass es bei der Cybersicherheit im Vergleich zu anderen Bereichen noch viel zu tun gebe.<\/p>\n\n\n\n<p class=\"wp-block-paragraph\">Seit dem dritten Quartal 2020 wurden laut BKA zufolge vermehrte Angriffe auf Unternehmen und \u00f6ffentliche Einrichtungen registriert, die bei der Bek\u00e4mpfung der Corona-Pandemie relevant sind. Betroffen waren demnach unter anderem Impf-Portale sowie die gesamte Impfstoff-Lieferkette. Die Polizei stellte zudem fest, dass einige Betreiber von Darknet-Plattformen versuchten, den Verkauf von Fake-Impfstoffen zu unterbinden, dies sei wohl auch &#8220;dem kontinuierlichen Strafverfolgungsdruck der letzten Jahre geschuldet&#8221;, hei\u00dft es im aktuellen Bundeslagebild Cybercrime.<\/p>\n\n\n\n<p class=\"wp-block-paragraph\">Das BKA sieht vor allem drei Gr\u00fcnde f\u00fcr den Anstieg im Bereich der Cyberkriminalit\u00e4t: mehr Tatgelegenheiten durch die stark voranschreitende Digitalisierung, eine Professionalisierung der T\u00e4ter und ein wachsendes Angebot f\u00fcr technisch weniger versierte Kriminelle, sich Schadsoftware und andere Cybercrime-Tools quasi als Dienstleistung zu beschaffen.<\/p>\n\n\n\n<p class=\"wp-block-paragraph\">Laut Polizeistatistik wurde von den in 2020 bundesweit erfassten 108.474 Cybercrime-F\u00e4llen etwas weniger als jeder dritte aufgekl\u00e4rt. Die Aufkl\u00e4rungsquote blieb damit etwa auf dem Niveau des Vorjahres.<\/p>\n\n\n\n<p class=\"wp-block-paragraph\">CDU-Generalsekret\u00e4r Paul Ziemiak erkl\u00e4rte in Berlin: &#8220;Cyberangriffe sind eine der gr\u00f6\u00dften Gefahren dieser Zeit. Wir wollen Deutschland im Bereich der Cybersicherheit noch besser aufstellen, um unsere B\u00fcrger, unsere Grundversorgung mit Wasser, Strom und Telefon, unsere Wirtschaft und Demokratie zu sch\u00fctzen.&#8221; Dies sehe die CDU als &#8220;Kernaufgabe&#8221; des Staates an. &#8220;Unser Land braucht eine digitale Sicherheitsarchitektur, die uns robust gegen Cyberangriffe verteidigt.&#8221; Dazu werde die CDU auch die Forschung im Bereich Cybersicherheit deutlich vorantreiben.<\/p>\n\n\n\n<p class=\"wp-block-paragraph\">&#8220;Eine robuste Abwehr von Cyberattacken ist auch eine Standortfrage f\u00fcr die Wirtschaft&#8221;, betonte Ziemiak. Gerade kleine und mittlere Unternehmen seien noch unzureichend gesch\u00fctzt.<\/p>\n","protected":false},"excerpt":{"rendered":"<p>Impfportale und die Impstoff-Produktion geraten zunehmend ins Visier von Cyber-Kriminellen. Generell haben sich deren Attacken auf IT-Systeme in den vergangenen f\u00fcnf Jahren verdoppelt. Berlin (dpa) &#8211; Die Attacken von Kriminellen, die in IT-Systeme eindringen, haben im vergangenen Jahr deutlich zugenommen. Wie der Leiter der Abteilung Cybercrime im Bundeskriminalamt (BKA), Carsten Meywirth, berichtete, stieg die Zahl [&hellip;]<\/p>\n","protected":false},"author":1,"featured_media":0,"comment_status":"open","ping_status":"open","sticky":false,"template":"","format":"standard","meta":{"footnotes":""},"categories":[1],"tags":[],"class_list":["post-1458","post","type-post","status-publish","format-standard","hentry","category-uncategorized"],"_links":{"self":[{"href":"https:\/\/www.batteriewelt.com\/akkublog\/index.php?rest_route=\/wp\/v2\/posts\/1458","targetHints":{"allow":["GET"]}}],"collection":[{"href":"https:\/\/www.batteriewelt.com\/akkublog\/index.php?rest_route=\/wp\/v2\/posts"}],"about":[{"href":"https:\/\/www.batteriewelt.com\/akkublog\/index.php?rest_route=\/wp\/v2\/types\/post"}],"author":[{"embeddable":true,"href":"https:\/\/www.batteriewelt.com\/akkublog\/index.php?rest_route=\/wp\/v2\/users\/1"}],"replies":[{"embeddable":true,"href":"https:\/\/www.batteriewelt.com\/akkublog\/index.php?rest_route=%2Fwp%2Fv2%2Fcomments&post=1458"}],"version-history":[{"count":1,"href":"https:\/\/www.batteriewelt.com\/akkublog\/index.php?rest_route=\/wp\/v2\/posts\/1458\/revisions"}],"predecessor-version":[{"id":1459,"href":"https:\/\/www.batteriewelt.com\/akkublog\/index.php?rest_route=\/wp\/v2\/posts\/1458\/revisions\/1459"}],"wp:attachment":[{"href":"https:\/\/www.batteriewelt.com\/akkublog\/index.php?rest_route=%2Fwp%2Fv2%2Fmedia&parent=1458"}],"wp:term":[{"taxonomy":"category","embeddable":true,"href":"https:\/\/www.batteriewelt.com\/akkublog\/index.php?rest_route=%2Fwp%2Fv2%2Fcategories&post=1458"},{"taxonomy":"post_tag","embeddable":true,"href":"https:\/\/www.batteriewelt.com\/akkublog\/index.php?rest_route=%2Fwp%2Fv2%2Ftags&post=1458"}],"curies":[{"name":"wp","href":"https:\/\/api.w.org\/{rel}","templated":true}]}}