{"id":1107,"date":"2021-03-20T04:16:38","date_gmt":"2021-03-20T03:16:38","guid":{"rendered":"http:\/\/www.batteriewelt.com\/akkublog\/?p=1107"},"modified":"2021-03-20T04:16:38","modified_gmt":"2021-03-20T03:16:38","slug":"zuckerberg-apples-datenschutz-konnte-facebook-starken","status":"publish","type":"post","link":"http:\/\/www.batteriewelt.com\/akkublog\/?p=1107","title":{"rendered":"Zuckerberg: Apples Datenschutz k\u00f6nnte Facebook st\u00e4rken"},"content":{"rendered":"\n<p class=\"wp-block-paragraph\">Apple will seinen iPhone-Nutzern mehr Selbstbestimmung geben in der Frage, wer ihre Daten wie nutzt. Facebook gef\u00e4llt das eingeschr\u00e4nkte Tracking gar nicht. Mark Zuckerberg sieht aber auch einen Vorteil.<\/p>\n\n\n\n<p class=\"wp-block-paragraph\">Menlo Park (dpa) &#8211; Im Streit um die geplante Datenschutz-Versch\u00e4rfung auf Apples iPhone hat Facebook-Chef Mark Zuckerberg die Warnungen vor Folgen f\u00fcr das Online-Netzwerk relativiert.<\/p>\n\n\n\n<p class=\"wp-block-paragraph\">&#8220;Ich denke, dass wir sogar in eine st\u00e4rkere Position kommen k\u00f6nnten, wenn Apples \u00c4nderungen mehr Unternehmen dazu bringen, Gesch\u00e4fte direkt auf unserer Plattform zu machen&#8221;, sagte Zuckerberg in der Nacht zum Freitag bei einem Auftritt in der Talk-App Clubhouse.<\/p>\n\n\n\n<p class=\"wp-block-paragraph\">Apple will iPhone-Nutzern demn\u00e4chst mehr Kontrolle dar\u00fcber geben, ob Dienste wie Facebook Informationen zu ihrem Verhalten quer \u00fcber verschiedene Apps und Websites sammeln d\u00fcrfen. Bisher gab man den Zugang zu einer Identifikationsnummer f\u00fcr Werbekunden pauschal frei, jetzt wird jede App die Nutzer einzeln um Erlaubnis fragen m\u00fcssen. Insbesondere Facebook l\u00e4uft schon seit Monaten gegen die Pl\u00e4ne Sturm.<\/p>\n\n\n\n<p class=\"wp-block-paragraph\">Das Online-Netzwerk geht davon aus, dass viele Nutzer die Freigabe des Datenzugangs ablehnen &#8211; und es dadurch schwerer werden d\u00fcrfte, Werbung zu personalisieren. Darunter w\u00fcrden vor allem kleine Unternehmen leiden, bekr\u00e4ftigte Zuckerberg in der Clubhouse-Talkrunde fr\u00fchere Kritik. &#8220;Ich bin ziemlich besorgt \u00fcber die Gesundheit vieler Unternehmen, mit denen wir versuchen, zu arbeiten&#8221;, sagte der Facebook-Chef.<\/p>\n\n\n\n<p class=\"wp-block-paragraph\">Apple verteidigt die Ma\u00dfnahmen als Versuch, den Nutzern die Kontrolle \u00fcber ihre Privatsph\u00e4re zur\u00fcckzugeben, nachdem die Nachverfolgung ihres Online-Verhaltens zu Werbezwecken allgegenw\u00e4rtig geworden sei. Die neue Regelung soll mit dem Betriebssystem iOS 14.5 im Fr\u00fchjahr eingef\u00fchrt werden.<\/p>\n","protected":false},"excerpt":{"rendered":"<p>Apple will seinen iPhone-Nutzern mehr Selbstbestimmung geben in der Frage, wer ihre Daten wie nutzt. Facebook gef\u00e4llt das eingeschr\u00e4nkte Tracking gar nicht. Mark Zuckerberg sieht aber auch einen Vorteil. Menlo Park (dpa) &#8211; Im Streit um die geplante Datenschutz-Versch\u00e4rfung auf Apples iPhone hat Facebook-Chef Mark Zuckerberg die Warnungen vor Folgen f\u00fcr das Online-Netzwerk relativiert. &#8220;Ich [&hellip;]<\/p>\n","protected":false},"author":1,"featured_media":0,"comment_status":"open","ping_status":"open","sticky":false,"template":"","format":"standard","meta":{"footnotes":""},"categories":[1],"tags":[],"class_list":["post-1107","post","type-post","status-publish","format-standard","hentry","category-uncategorized"],"_links":{"self":[{"href":"http:\/\/www.batteriewelt.com\/akkublog\/index.php?rest_route=\/wp\/v2\/posts\/1107","targetHints":{"allow":["GET"]}}],"collection":[{"href":"http:\/\/www.batteriewelt.com\/akkublog\/index.php?rest_route=\/wp\/v2\/posts"}],"about":[{"href":"http:\/\/www.batteriewelt.com\/akkublog\/index.php?rest_route=\/wp\/v2\/types\/post"}],"author":[{"embeddable":true,"href":"http:\/\/www.batteriewelt.com\/akkublog\/index.php?rest_route=\/wp\/v2\/users\/1"}],"replies":[{"embeddable":true,"href":"http:\/\/www.batteriewelt.com\/akkublog\/index.php?rest_route=%2Fwp%2Fv2%2Fcomments&post=1107"}],"version-history":[{"count":1,"href":"http:\/\/www.batteriewelt.com\/akkublog\/index.php?rest_route=\/wp\/v2\/posts\/1107\/revisions"}],"predecessor-version":[{"id":1108,"href":"http:\/\/www.batteriewelt.com\/akkublog\/index.php?rest_route=\/wp\/v2\/posts\/1107\/revisions\/1108"}],"wp:attachment":[{"href":"http:\/\/www.batteriewelt.com\/akkublog\/index.php?rest_route=%2Fwp%2Fv2%2Fmedia&parent=1107"}],"wp:term":[{"taxonomy":"category","embeddable":true,"href":"http:\/\/www.batteriewelt.com\/akkublog\/index.php?rest_route=%2Fwp%2Fv2%2Fcategories&post=1107"},{"taxonomy":"post_tag","embeddable":true,"href":"http:\/\/www.batteriewelt.com\/akkublog\/index.php?rest_route=%2Fwp%2Fv2%2Ftags&post=1107"}],"curies":[{"name":"wp","href":"https:\/\/api.w.org\/{rel}","templated":true}]}}