{"id":106,"date":"2019-11-15T07:05:31","date_gmt":"2019-11-15T06:05:31","guid":{"rendered":"http:\/\/www.batteriewelt.com\/akkublog\/?p=106"},"modified":"2019-11-15T07:05:31","modified_gmt":"2019-11-15T06:05:31","slug":"sharkoon-rev200-midi-tower-ist-auf-links-und-um-90-grad-gedreht","status":"publish","type":"post","link":"http:\/\/www.batteriewelt.com\/akkublog\/?p=106","title":{"rendered":"Sharkoon REV200: Midi-Tower ist auf links und um 90 Grad gedreht"},"content":{"rendered":"\n<p class=\"wp-block-paragraph\">Sharkoon&nbsp;dreht im Midi-Tower REV200 die Anschl\u00fcsse des Mainboards nach oben, was Auswirkungen auf die K\u00fchloptionen hat. Betrachtet wird die Hardware nicht von rechts, wie bei der Mehrzahl von Konkurrenten, sondern von links. Dadurch m\u00f6chte der Hersteller Nutzer ansprechen, die ihr&nbsp;Geh\u00e4use&nbsp;auf ihrer linken Seite aufstellen.<\/p>\n\n\n\n<p class=\"wp-block-paragraph\">Durch die Drehung des Mainboards m\u00fcssen Kabel von oben angeschlossen werden. Sie werden in einem separaten Abteil versteckt und sind \u00fcber eine Klappe zug\u00e4nglich. Bel\u00fcftet wird das Geh\u00e4use deshalb nur von zwei Seiten und mit einem \u00dcberdruck-Konzept: Hinter der Front mit Dreieck-Mustern und Glasfl\u00e4che befinden sich drei bunt beleuchtete 120-mm-L\u00fcfter, zwei weitere Exemplare sitzen im Heck. Gesteuert werden Farben \u00fcber einen integrierten Controller f\u00fcr bis zu acht LED-Endger\u00e4te oder alternativ \u00fcber das Mainboard.<\/p>\n\n\n\n<p class=\"wp-block-paragraph\">Layout bedingt K\u00fchler<\/p>\n\n\n\n<p class=\"wp-block-paragraph\">Diese vertikale Konzeption, die auf Luftausl\u00e4sse an der Oberseite verzichtet, hat Auswirkungen auf die Komponenten: \u201eDie Nutzung von Blower-Grafikkarten wird nicht empfohlen\u201c, schreibt Sharkoon. Das ergibt Sinn, da sich die Abluft eines Direct-Exhaust-K\u00fchlers im Kabelfach am Deckel staut. Der Hersteller empfiehlt dar\u00fcber hinaus die Verwendung einer Wasserk\u00fchlung. Gek\u00fchlt werden kann in diesem Fall mit einem 240-mm-Radiator im Heck sowie mit einem 360-mm-Modell hinter der Front, wobei dann die Blende im Innenraum sowie ein HDD-K\u00e4fig entfernt werden muss.<\/p>\n\n\n\n<p class=\"wp-block-paragraph\">Unter der Blende befinden sich insgesamt zwei HDD-K\u00e4fige f\u00fcr je ein 2,5&#8243;- und 3,5&#8243;-Laufwerk sowie das Netzteil. Zwei weitere 2,5&#8243;-Festplatten werden hinter dem Mainboard-Tray versteckt. Einfluss hat die Blende au\u00dferdem auf die L\u00e4nge der Grafikkarte. Im vorderen, flacheren Teil darf sie 323 Millimeter lang sein, im hinteren Teil bzw. im ersten PCIe-Slot, der bei vielen ATX-Mainboards als 1x-Variante ausgef\u00fchrt wird, nur 285 Millimeter. K\u00fchler sind auf eine H\u00f6he von 165, Netzteile auf eine L\u00e4nge von 200 Millimeter beschr\u00e4nkt.<\/p>\n\n\n\n<p class=\"wp-block-paragraph\">Preis und Verf\u00fcgbarkeit<\/p>\n\n\n\n<p class=\"wp-block-paragraph\">Das REV200 ist im Handel bereits zur Preisempfehlung von rund 100 Euro ab Lager erh\u00e4ltlich.<\/p>\n","protected":false},"excerpt":{"rendered":"<p>Sharkoon&nbsp;dreht im Midi-Tower REV200 die Anschl\u00fcsse des Mainboards nach oben, was Auswirkungen auf die K\u00fchloptionen hat. Betrachtet wird die Hardware nicht von rechts, wie bei der Mehrzahl von Konkurrenten, sondern von links. Dadurch m\u00f6chte der Hersteller Nutzer ansprechen, die ihr&nbsp;Geh\u00e4use&nbsp;auf ihrer linken Seite aufstellen. Durch die Drehung des Mainboards m\u00fcssen Kabel von oben angeschlossen werden. [&hellip;]<\/p>\n","protected":false},"author":1,"featured_media":0,"comment_status":"open","ping_status":"open","sticky":false,"template":"","format":"standard","meta":{"footnotes":""},"categories":[17],"tags":[54],"class_list":["post-106","post","type-post","status-publish","format-standard","hentry","category-laptop-computer","tag-sharkoon-rev200"],"_links":{"self":[{"href":"http:\/\/www.batteriewelt.com\/akkublog\/index.php?rest_route=\/wp\/v2\/posts\/106","targetHints":{"allow":["GET"]}}],"collection":[{"href":"http:\/\/www.batteriewelt.com\/akkublog\/index.php?rest_route=\/wp\/v2\/posts"}],"about":[{"href":"http:\/\/www.batteriewelt.com\/akkublog\/index.php?rest_route=\/wp\/v2\/types\/post"}],"author":[{"embeddable":true,"href":"http:\/\/www.batteriewelt.com\/akkublog\/index.php?rest_route=\/wp\/v2\/users\/1"}],"replies":[{"embeddable":true,"href":"http:\/\/www.batteriewelt.com\/akkublog\/index.php?rest_route=%2Fwp%2Fv2%2Fcomments&post=106"}],"version-history":[{"count":1,"href":"http:\/\/www.batteriewelt.com\/akkublog\/index.php?rest_route=\/wp\/v2\/posts\/106\/revisions"}],"predecessor-version":[{"id":107,"href":"http:\/\/www.batteriewelt.com\/akkublog\/index.php?rest_route=\/wp\/v2\/posts\/106\/revisions\/107"}],"wp:attachment":[{"href":"http:\/\/www.batteriewelt.com\/akkublog\/index.php?rest_route=%2Fwp%2Fv2%2Fmedia&parent=106"}],"wp:term":[{"taxonomy":"category","embeddable":true,"href":"http:\/\/www.batteriewelt.com\/akkublog\/index.php?rest_route=%2Fwp%2Fv2%2Fcategories&post=106"},{"taxonomy":"post_tag","embeddable":true,"href":"http:\/\/www.batteriewelt.com\/akkublog\/index.php?rest_route=%2Fwp%2Fv2%2Ftags&post=106"}],"curies":[{"name":"wp","href":"https:\/\/api.w.org\/{rel}","templated":true}]}}